{"id":168,"date":"2014-08-22T16:36:09","date_gmt":"2014-08-22T14:36:09","guid":{"rendered":"http:\/\/127.0.0.1\/edsa-chelodi-bertuol\/it\/news\/2014\/processo-penale-nuova-norma-transitoria-per-la-disciplina-della-sospensione-del-processo-penale-irreperibili\/"},"modified":"2014-08-22T16:36:09","modified_gmt":"2014-08-22T14:36:09","slug":"processo-penale-nuova-norma-transitoria-per-la-disciplina-della-sospensione-del-processo-penale-irreperibili","status":"publish","type":"post","link":"https:\/\/www.cmnavvocati.it\/it\/news\/2014\/processo-penale-nuova-norma-transitoria-per-la-disciplina-della-sospensione-del-processo-penale-irreperibili\/","title":{"rendered":"PROCESSO PENALE: nuova norma transitoria per la disciplina della sospensione del processo penale nei confronti degli irreperibili"},"content":{"rendered":"<p>Il 22 agosto 2014 \u00e8 entrata in vigore una norma transitoria (art. 15 bis L. 67\/2014) che limita l&rsquo;applicazione della disciplina della <strong>sospensione del procedimento penale<\/strong> nei confronti degli <strong>irreperibili<\/strong> ai procedimenti in corso alla data di entrata in vigore della <strong>legge 67\/2014<\/strong> nei quali non sia stato ancora pronunciato il dispositivo della sentenza di primo grado; tale regola subisce per\u00f2 eccezione, se l&rsquo;imputato \u00e8 stato dichiarato contumace e non stato emesso il decreto di irreperibilit\u00e0.<\/p>\n","protected":false},"excerpt":{"rendered":"<p>Il 22 agosto 2014 \u00e8 entrata in vigore una norma transitoria (art. 15 bis L. 67\/2014) che limita l&rsquo;applicazione della disciplina della sospensione del procedimento&#8230;<\/p>\n","protected":false},"author":2,"featured_media":0,"comment_status":"closed","ping_status":"closed","sticky":false,"template":"","format":"standard","meta":{"_acf_changed":false,"footnotes":""},"categories":[1],"tags":[],"class_list":["post-168","post","type-post","status-publish","format-standard","hentry","category-non-categorizzato"],"acf":[],"_links":{"self":[{"href":"https:\/\/www.cmnavvocati.it\/it\/wp-json\/wp\/v2\/posts\/168","targetHints":{"allow":["GET"]}}],"collection":[{"href":"https:\/\/www.cmnavvocati.it\/it\/wp-json\/wp\/v2\/posts"}],"about":[{"href":"https:\/\/www.cmnavvocati.it\/it\/wp-json\/wp\/v2\/types\/post"}],"author":[{"embeddable":true,"href":"https:\/\/www.cmnavvocati.it\/it\/wp-json\/wp\/v2\/users\/2"}],"replies":[{"embeddable":true,"href":"https:\/\/www.cmnavvocati.it\/it\/wp-json\/wp\/v2\/comments?post=168"}],"version-history":[{"count":0,"href":"https:\/\/www.cmnavvocati.it\/it\/wp-json\/wp\/v2\/posts\/168\/revisions"}],"wp:attachment":[{"href":"https:\/\/www.cmnavvocati.it\/it\/wp-json\/wp\/v2\/media?parent=168"}],"wp:term":[{"taxonomy":"category","embeddable":true,"href":"https:\/\/www.cmnavvocati.it\/it\/wp-json\/wp\/v2\/categories?post=168"},{"taxonomy":"post_tag","embeddable":true,"href":"https:\/\/www.cmnavvocati.it\/it\/wp-json\/wp\/v2\/tags?post=168"}],"curies":[{"name":"wp","href":"https:\/\/api.w.org\/{rel}","templated":true}]}}